{"id":10601,"global_id":"escoletakoala.es\/en\/?id=10601","global_id_lineage":["escoletakoala.es\/en\/?id=10601"],"author":"1","status":"publish","date":"2023-10-05 07:16:19","date_utc":"2023-10-05 07:16:19","modified":"2023-10-05 07:16:19","modified_utc":"2023-10-05 07:16:19","url":"https:\/\/escoletakoala.es\/en\/maternidad\/pediatric-first-aid-july-6\/","rest_url":"https:\/\/escoletakoala.es\/en\/wp-json\/tribe\/events\/v1\/events\/10601","title":"Pediatric first aid (July 6)","description":"<p>Taught by Cristina S\u00e1nchez, midwife and director of the Center 1 M\u00e9s. Aimed at families with babies, ideal for those of infant age (0-6 years).<\/p>\n<p>In our first aid workshop you will learn:<\/p>\n<p>-The main types of accidents with babies and how to prevent them<\/p>\n<p>-What is sudden infant death syndrome and how is it prevented?<\/p>\n<p>-How to act in everyday situations: fever, falls, blows to the head, injuries&#8230;<\/p>\n<p>-Feeding and choking<\/p>\n<p>-Cardiopulmonary resuscitation in babies\/children<\/p>\n<div id=\"USE_CHAT_GPT_AI_ROOT\" style=\"display: none; z-index: -1; position: absolute; top: -10000px; left: -10000px; width: 1px; height: 1px; overflow: hidden; opacity: 0; pointer-events: none;\">usechatgpt init success<\/div>\n<div id=\"USE_CHAT_GPT_AI_ROOT\" style=\"display: none; z-index: -1; position: absolute; top: -10000px; left: -10000px; width: 1px; height: 1px; overflow: hidden; opacity: 0; pointer-events: none;\">usechatgpt init success<\/div>\n<div id=\"USE_CHAT_GPT_AI_ROOT\" style=\"display: none; z-index: -1; position: absolute; top: -10000px; left: -10000px; width: 1px; height: 1px; overflow: hidden; opacity: 0; pointer-events: none;\">usechatgpt init success<\/div>\n<div id=\"USE_CHAT_GPT_AI_ROOT\" style=\"display: none; z-index: -1; position: absolute; top: -10000px; left: -10000px; width: 1px; height: 1px; overflow: hidden; opacity: 0; pointer-events: none;\">usechatgpt init success<\/div>\n<div id=\"USE_CHAT_GPT_AI_ROOT\" style=\"display: none; z-index: -1; position: absolute; top: -10000px; left: -10000px; width: 1px; height: 1px; overflow: hidden; opacity: 0; pointer-events: none;\">usechatgpt init success<\/div>\n<div id=\"USE_CHAT_GPT_AI_ROOT\" style=\"display: none; z-index: -1; position: absolute; top: -10000px; left: -10000px; width: 1px; height: 1px; overflow: hidden; opacity: 0; pointer-events: none;\">usechatgpt init success<\/div>\n<div id=\"USE_CHAT_GPT_AI_ROOT\" style=\"display: none; z-index: -1; position: absolute; top: -10000px; left: -10000px; width: 1px; height: 1px; overflow: hidden; opacity: 0; pointer-events: none;\">usechatgpt init success<\/div>","excerpt":"","slug":"pediatric-first-aid-july-6","image":{"url":"https:\/\/escoletakoala.es\/wp-content\/uploads\/2022\/07\/prim-aux-koala-1mes-scaled.jpg","id":6933,"extension":"jpg","width":2560,"height":1440,"filesize":563517,"sizes":{"medium":{"width":300,"height":169,"mime-type":"image\/jpeg","filesize":13477,"url":"https:\/\/escoletakoala.es\/wp-content\/uploads\/2022\/07\/prim-aux-koala-1mes-300x169.jpg"},"large":{"width":1024,"height":576,"mime-type":"image\/jpeg","filesize":116532,"url":"https:\/\/escoletakoala.es\/wp-content\/uploads\/2022\/07\/prim-aux-koala-1mes-1024x576.jpg"},"thumbnail":{"width":150,"height":150,"mime-type":"image\/jpeg","filesize":7249,"url":"https:\/\/escoletakoala.es\/wp-content\/uploads\/2022\/07\/prim-aux-koala-1mes-150x150.jpg"},"medium_large":{"width":768,"height":432,"mime-type":"image\/jpeg","filesize":69805,"url":"https:\/\/escoletakoala.es\/wp-content\/uploads\/2022\/07\/prim-aux-koala-1mes-768x432.jpg"},"1536x1536":{"width":1536,"height":864,"mime-type":"image\/jpeg","filesize":235367,"url":"https:\/\/escoletakoala.es\/wp-content\/uploads\/2022\/07\/prim-aux-koala-1mes-1536x864.jpg"},"2048x2048":{"width":2048,"height":1152,"mime-type":"image\/jpeg","filesize":385097,"url":"https:\/\/escoletakoala.es\/wp-content\/uploads\/2022\/07\/prim-aux-koala-1mes-2048x1152.jpg"},"kiddie-square-thumb":{"width":300,"height":300,"mime-type":"image\/jpeg","filesize":23083,"url":"https:\/\/escoletakoala.es\/wp-content\/uploads\/2022\/07\/prim-aux-koala-1mes-300x300.jpg"},"kiddie-blog-full":{"width":1000,"height":560,"mime-type":"image\/jpeg","filesize":111106,"url":"https:\/\/escoletakoala.es\/wp-content\/uploads\/2022\/07\/prim-aux-koala-1mes-1000x560.jpg"},"kiddie-4-3":{"width":600,"height":450,"mime-type":"image\/jpeg","filesize":61672,"url":"https:\/\/escoletakoala.es\/wp-content\/uploads\/2022\/07\/prim-aux-koala-1mes-600x450.jpg"},"woocommerce_thumbnail":{"width":300,"height":300,"mime-type":"image\/jpeg","filesize":23083,"url":"https:\/\/escoletakoala.es\/wp-content\/uploads\/2022\/07\/prim-aux-koala-1mes-300x300.jpg"},"shop_catalog":{"width":300,"height":300,"mime-type":"image\/jpeg","filesize":23083,"url":"https:\/\/escoletakoala.es\/wp-content\/uploads\/2022\/07\/prim-aux-koala-1mes-300x300.jpg"},"woocommerce_gallery_thumbnail":{"width":100,"height":100,"mime-type":"image\/jpeg","filesize":3573,"url":"https:\/\/escoletakoala.es\/wp-content\/uploads\/2022\/07\/prim-aux-koala-1mes-scaled-100x100.jpg"}},"original_image":"prim-aux-koala-1mes.jpg"},"all_day":false,"start_date":"2023-07-06 18:30:00","start_date_details":{"year":"2023","month":"07","day":"06","hour":"18","minutes":"30","seconds":"00"},"end_date":"2023-07-06 20:00:00","end_date_details":{"year":"2023","month":"07","day":"06","hour":"20","minutes":"00","seconds":"00"},"utc_start_date":"2023-07-06 18:30:00","utc_start_date_details":{"year":"2023","month":"07","day":"06","hour":"18","minutes":"30","seconds":"00"},"utc_end_date":"2023-07-06 20:00:00","utc_end_date_details":{"year":"2023","month":"07","day":"06","hour":"20","minutes":"00","seconds":"00"},"timezone":"UTC+0","timezone_abbr":"UTC+0","cost":"","cost_details":{"currency_symbol":"","currency_code":"","currency_position":"","values":[]},"website":"https:\/\/escoletakoala.es\/en\/maternidad\/pediatric-first-aid-july-6\/","show_map":true,"show_map_link":true,"hide_from_listings":false,"sticky":false,"featured":false,"categories":[{"name":"Development 0-3 years","slug":"development-0-3-years","term_group":0,"term_taxonomy_id":847,"taxonomy":"tribe_events_cat","description":"","parent":0,"count":13,"filter":"raw","id":847,"urls":{"self":"https:\/\/escoletakoala.es\/en\/wp-json\/tribe\/events\/v1\/categories\/847","collection":"https:\/\/escoletakoala.es\/en\/wp-json\/tribe\/events\/v1\/categories"}},{"name":"First aid","slug":"first-aid","term_group":0,"term_taxonomy_id":890,"taxonomy":"tribe_events_cat","description":"","parent":0,"count":3,"filter":"raw","id":890,"urls":{"self":"https:\/\/escoletakoala.es\/en\/wp-json\/tribe\/events\/v1\/categories\/890","collection":"https:\/\/escoletakoala.es\/en\/wp-json\/tribe\/events\/v1\/categories"}},{"name":"Postpartum and Parenting","slug":"postpartum-and-parenting","term_group":0,"term_taxonomy_id":848,"taxonomy":"tribe_events_cat","description":"","parent":0,"count":21,"filter":"raw","id":848,"urls":{"self":"https:\/\/escoletakoala.es\/en\/wp-json\/tribe\/events\/v1\/categories\/848","collection":"https:\/\/escoletakoala.es\/en\/wp-json\/tribe\/events\/v1\/categories"}}],"tags":[{"name":"Events (edit)","slug":"events-edit","term_group":0,"term_taxonomy_id":889,"taxonomy":"post_tag","description":"","parent":0,"count":3,"filter":"raw","id":889,"urls":{"self":"https:\/\/escoletakoala.es\/en\/wp-json\/tribe\/events\/v1\/tags\/889","collection":"https:\/\/escoletakoala.es\/en\/wp-json\/tribe\/events\/v1\/tags"}}],"venue":{"id":9603,"author":"1","status":"publish","date":"2023-09-30 08:04:44","date_utc":"2023-09-30 08:04:44","modified":"2023-09-30 08:04:44","modified_utc":"2023-09-30 08:04:44","url":"https:\/\/escoletakoala.es\/en\/venue\/school-koala\/","venue":"Koala Pol School. are castell\u00f3","slug":"school-koala","address":"Koala Escoleta Calle Setze Juliol 87","city":"Pol\u00edgono Son Castell\u00f3","country":"Espa\u00f1a","province":"Palma de Mallorca","zip":"07009","phone":"608536730","website":"https:\/\/escoletakoala.es","stateprovince":"Palma de Mallorca","json_ld":{"@type":"Place","name":"Koala Pol School. are castell\u00f3","description":"","url":"","address":{"@type":"PostalAddress","streetAddress":"Koala Escoleta Calle Setze Juliol 87","addressLocality":"Pol\u00edgono Son Castell\u00f3","addressRegion":"Palma de Mallorca","postalCode":"07009","addressCountry":"Espa\u00f1a"},"telephone":"608536730","sameAs":"https:\/\/escoletakoala.es"},"show_map":true,"show_map_link":true,"global_id":"escoletakoala.es\/en\/?id=9603","global_id_lineage":["escoletakoala.es\/en\/?id=9603"]},"organizer":[{"id":9612,"author":"1","status":"publish","date":"2023-09-30 08:04:49","date_utc":"2023-09-30 08:04:49","modified":"2023-09-30 08:04:49","modified_utc":"2023-09-30 08:04:49","url":"https:\/\/escoletakoala.es\/en\/organizer\/1-month\/","organizer":"1 month","slug":"1-month","website":"centre1mes.es","email":"contacto@escoletakoala.es","json_ld":{"@type":"Person","name":"1 month","description":"","url":"http:\/\/centre1mes.es","telephone":"","email":"&#99;o&#110;ta&#99;&#116;&#111;&#64;&#101;s&#99;&#111;&#108;eta&#107;oa&#108;a&#46;es","sameAs":"http:\/\/centre1mes.es"},"global_id":"escoletakoala.es\/en\/?id=9612","global_id_lineage":["escoletakoala.es\/en\/?id=9612"]}],"custom_fields":[],"json_ld":{"@context":"http:\/\/schema.org","@type":"Event","name":"Pediatric first aid (July 6)","description":"&lt;p&gt;Taught by Cristina S\u00e1nchez, midwife and director of the Center 1 M\u00e9s. Aimed at families with babies, ideal for those of infant age (0-6 years). In our first aid workshop [&hellip;]&lt;\/p&gt;\\n","image":"https:\/\/escoletakoala.es\/wp-content\/uploads\/2022\/07\/prim-aux-koala-1mes-scaled.jpg","url":"https:\/\/escoletakoala.es\/en\/maternidad\/pediatric-first-aid-july-6\/","eventAttendanceMode":"https:\/\/schema.org\/OfflineEventAttendanceMode","eventStatus":"https:\/\/schema.org\/EventScheduled","startDate":"2023-07-06T18:30:00+00:00","endDate":"2023-07-06T20:00:00+00:00","location":{"@type":"Place","name":"Koala Pol School. are castell\u00f3","description":"","url":"","address":{"@type":"PostalAddress","streetAddress":"Koala Escoleta Calle Setze Juliol 87","addressLocality":"Pol\u00edgono Son Castell\u00f3","addressRegion":"Palma de Mallorca","postalCode":"07009","addressCountry":"Espa\u00f1a"},"telephone":"608536730","sameAs":"https:\/\/escoletakoala.es"},"organizer":{"@type":"Person","name":"1 month","description":"","url":"http:\/\/centre1mes.es","telephone":"","email":"c&#111;&#110;t&#97;cto&#64;es&#99;o&#108;eta&#107;o&#97;&#108;a.es","sameAs":"http:\/\/centre1mes.es"},"performer":"Organization"},"ticketed":false}