{"id":8599,"date":"2023-07-20T22:47:16","date_gmt":"2023-07-20T22:47:16","guid":{"rendered":"https:\/\/escoletakoala.es\/blog\/importancia-educacio-de-0-a-3-ans\/"},"modified":"2025-12-03T14:06:27","modified_gmt":"2025-12-03T14:06:27","slug":"importancia-educacio-de-0-a-3-ans","status":"publish","type":"post","link":"https:\/\/escoletakoala.es\/ca\/blog\/importancia-educacio-de-0-a-3-ans\/","title":{"rendered":"La inversi\u00f3 m\u00e9s important: l&#8217;educaci\u00f3 de 0 a 3 anys i el desenvolupament social, psicomotriu i mental"},"content":{"rendered":"<p>Si hi ha alguna cosa en qu\u00e8 la majoria dels pares hi estan d&#8217;acord \u00e9s que l&#8217;educaci\u00f3 primerenca dels nens afecta el desenvolupament mental i social dels joves. Aix\u00f2 no obstant, a qu\u00e8 ens referim amb educaci\u00f3 primerenca? Molts pensen que amb comen\u00e7ar l&#8217;escola als tres o quatre anys ja n&#8217;hi ha prou. Tot i aix\u00f2, el nostre cervell \u00e9s capa\u00e7 d&#8217;absorbir una gran quantitat d&#8217;informaci\u00f3 i creix m\u00e9s r\u00e0pid fins als tres anys que m\u00e9s endavant. Per aix\u00f2, t&#8217;expliquem <strong>per qu\u00e8 \u00e9s tan important i quins beneficis t\u00e9<\/strong> <a href=\"https:\/\/www.savethechildren.es\/actualidad\/la-situacion-de-la-educacion-infantil-de-0-3-anos\" target=\"_blank\" rel=\"noopener\"><strong>l&#8217;educaci\u00f3 de 0 a 3 anys<\/strong><\/a> .<\/p>\n<h2><strong>La import\u00e0ncia de l&#8217;educaci\u00f3 de 0 a 3 anys i els beneficis<\/strong><\/h2>\n<p>Cal tenir en compte que, durant aquests anys, els menuts aprenen a caminar, menjar, parlar i pr\u00e0cticament totes les funcions b\u00e0siques dels humans. Per tant, <strong>\u00e9s de vital import\u00e0ncia que els ajudem a desenvolupar les seves habilitats socials, psicomotrius i mentals en aquestes edats<\/strong> . I l&#8217;escoleta \u00e9s un lloc ideal per fer-ho. \u00c9s un lloc on podran desenvolupar totes aquestes habilitats per arribar a l&#8217;edat adulta de manera satisfact\u00f2ria.<\/p>\n<p>Per comen\u00e7ar, tindran nens de la seva edat amb qu\u00e8 socialitzar i aprendre a compartir, empatia i el m\u00e9s important, <strong>fan amics!<\/strong> Aix\u00ed mateix, <a href=\"https:\/\/www.savethechildren.es\/actualidad\/la-situacion-de-la-educacion-infantil-de-0-3-anos\" target=\"_blank\" rel=\"noopener\">el nostre programa de psicomotricitat<\/a> els ajudar\u00e0 a con\u00e8ixer millor el seu cos i qu\u00e8 hi poden fer. Des de petits, aprendran a caminar correctament, agafar objectes, retallar, pintar, relacionar-se amb el seu entorn, etc. Pel que fa al desenvolupament mental, <strong>el nostre programa de psicopedagogia s&#8217;ocupa d&#8217;analitzar el desenvolupament dels nens<\/strong> i de combatre els possibles problemes d&#8217;aprenentatge que tinguin. Amb nosaltres, desenvolupareu la vostra imaginaci\u00f3 i creativitat, l&#8217;\u00fas de l&#8217;idioma i molt m\u00e9s.<\/p>\n<p>Aix\u00ed que no ho dubtis i <strong>inverteix en l&#8217;educaci\u00f3 de 0 a 3 anys dels teus fills<\/strong> i n&#8217;assegura el desenvolupament correcte per quan sigui un adult fet i dret.<\/p>\n","protected":false},"excerpt":{"rendered":"<p>Si hi ha alguna cosa en qu\u00e8 la majoria dels pares hi estan d&#8217;acord \u00e9s que l&#8217;educaci\u00f3 primerenca dels nens afecta el desenvolupament mental i social dels joves. Aix\u00f2 no [&hellip;]<\/p>\n","protected":false},"author":1,"featured_media":8282,"comment_status":"open","ping_status":"open","sticky":false,"template":"","format":"standard","meta":{"_price":"","_stock":"","_tribe_ticket_header":"","_tribe_default_ticket_provider":"","_tribe_ticket_capacity":"0","_ticket_start_date":"","_ticket_end_date":"","_tribe_ticket_show_description":"","_tribe_ticket_show_not_going":false,"_tribe_ticket_use_global_stock":"","_tribe_ticket_global_stock_level":"","_global_stock_mode":"","_global_stock_cap":"","_tribe_rsvp_for_event":"","_tribe_ticket_going_count":"","_tribe_ticket_not_going_count":"","_tribe_tickets_list":"[]","_tribe_ticket_has_attendee_info_fields":false,"footnotes":""},"categories":[693,679],"tags":[720,718,722,719],"class_list":["post-8599","post","type-post","status-publish","format-standard","has-post-thumbnail","hentry","category-guarderia-ca","category-psicopedagogia-ca","tag-desenvolupament-mental-nens","tag-desenvolupament-social-nens","tag-importancia-educacio-primerenca","tag-psicomotricitat"],"_links":{"self":[{"href":"https:\/\/escoletakoala.es\/ca\/wp-json\/wp\/v2\/posts\/8599","targetHints":{"allow":["GET"]}}],"collection":[{"href":"https:\/\/escoletakoala.es\/ca\/wp-json\/wp\/v2\/posts"}],"about":[{"href":"https:\/\/escoletakoala.es\/ca\/wp-json\/wp\/v2\/types\/post"}],"author":[{"embeddable":true,"href":"https:\/\/escoletakoala.es\/ca\/wp-json\/wp\/v2\/users\/1"}],"replies":[{"embeddable":true,"href":"https:\/\/escoletakoala.es\/ca\/wp-json\/wp\/v2\/comments?post=8599"}],"version-history":[{"count":1,"href":"https:\/\/escoletakoala.es\/ca\/wp-json\/wp\/v2\/posts\/8599\/revisions"}],"predecessor-version":[{"id":11994,"href":"https:\/\/escoletakoala.es\/ca\/wp-json\/wp\/v2\/posts\/8599\/revisions\/11994"}],"wp:featuredmedia":[{"embeddable":true,"href":"https:\/\/escoletakoala.es\/ca\/wp-json\/wp\/v2\/media\/8282"}],"wp:attachment":[{"href":"https:\/\/escoletakoala.es\/ca\/wp-json\/wp\/v2\/media?parent=8599"}],"wp:term":[{"taxonomy":"category","embeddable":true,"href":"https:\/\/escoletakoala.es\/ca\/wp-json\/wp\/v2\/categories?post=8599"},{"taxonomy":"post_tag","embeddable":true,"href":"https:\/\/escoletakoala.es\/ca\/wp-json\/wp\/v2\/tags?post=8599"}],"curies":[{"name":"wp","href":"https:\/\/api.w.org\/{rel}","templated":true}]}}