{"id":9725,"global_id":"escoletakoala.es\/ca\/?id=9725","global_id_lineage":["escoletakoala.es\/ca\/?id=9725"],"author":"1","status":"publish","date":"2023-09-30 08:06:09","date_utc":"2023-09-30 08:06:09","modified":"2023-09-30 08:06:09","modified_utc":"2023-09-30 08:06:09","url":"https:\/\/escoletakoala.es\/ca\/maternidad\/primers-auxilis-pediatrics-6-juliol\/","rest_url":"https:\/\/escoletakoala.es\/ca\/wp-json\/tribe\/events\/v1\/events\/9725","title":"Primers auxilis pedi\u00e0trics (6 Juliol)","description":"<p>Impartit per Cristina S\u00e1nchez, llevadora i directora del Centre 1 M\u00e9s. Dirigit a fam\u00edlies amb nadons, ideal per a aquells que estiguin en edat infantil (0-6 anys).<\/p>\n<p>Al nostre taller de primers auxilis aprendr\u00e0s:<\/p>\n<p>-Els principals tipus d&#8217;accidents amb nadons i com prevenir-los<\/p>\n<p>-Qu\u00e8 \u00e9s la s\u00edndrome de mort sobtada del lactant i com es preveu<\/p>\n<p>-Com actuar davant de situacions quotidianes: febre, caigudes, cops al cap, ferides\u2026<\/p>\n<p>-Alimentaci\u00f3 i ennuegaments<\/p>\n<p>-Reanimaci\u00f3 cardiopulmonar en nadons\/nens<\/p>\n<div id=\"USE_CHAT_GPT_AI_ROOT\" style=\"display: none; z-index: -1; position: absolute; top: -10000px; left: -10000px; width: 1px; height: 1px; overflow: hidden; opacity: 0; pointer-events: none;\">usechatgpt init success<\/div>\n<div id=\"USE_CHAT_GPT_AI_ROOT\" style=\"display: none; z-index: -1; position: absolute; top: -10000px; left: -10000px; width: 1px; height: 1px; overflow: hidden; opacity: 0; pointer-events: none;\">usechatgpt init success<\/div>\n<div id=\"USE_CHAT_GPT_AI_ROOT\" style=\"display: none; z-index: -1; position: absolute; top: -10000px; left: -10000px; width: 1px; height: 1px; overflow: hidden; opacity: 0; pointer-events: none;\">usechatgpt init success<\/div>\n<div id=\"USE_CHAT_GPT_AI_ROOT\" style=\"display: none; z-index: -1; position: absolute; top: -10000px; left: -10000px; width: 1px; height: 1px; overflow: hidden; opacity: 0; pointer-events: none;\">usechatgpt init success<\/div>\n<div id=\"USE_CHAT_GPT_AI_ROOT\" style=\"display: none; z-index: -1; position: absolute; top: -10000px; left: -10000px; width: 1px; height: 1px; overflow: hidden; opacity: 0; pointer-events: none;\">usechatgpt init success<\/div>\n<div id=\"USE_CHAT_GPT_AI_ROOT\" style=\"display: none; z-index: -1; position: absolute; top: -10000px; left: -10000px; width: 1px; height: 1px; overflow: hidden; opacity: 0; pointer-events: none;\">usechatgpt init success<\/div>\n<div id=\"USE_CHAT_GPT_AI_ROOT\" style=\"display: none; z-index: -1; position: absolute; top: -10000px; left: -10000px; width: 1px; height: 1px; overflow: hidden; opacity: 0; pointer-events: none;\">usechatgpt init success<\/div>","excerpt":"","slug":"primers-auxilis-pediatrics-6-juliol","image":{"url":"https:\/\/escoletakoala.es\/wp-content\/uploads\/2022\/07\/prim-aux-koala-1mes-scaled.jpg","id":8301,"extension":"jpg","width":2560,"height":1440,"filesize":563517,"sizes":{"medium":{"width":300,"height":169,"mime-type":"image\/jpeg","filesize":13477,"url":"https:\/\/escoletakoala.es\/wp-content\/uploads\/2022\/07\/prim-aux-koala-1mes-300x169.jpg"},"large":{"width":1024,"height":576,"mime-type":"image\/jpeg","filesize":116532,"url":"https:\/\/escoletakoala.es\/wp-content\/uploads\/2022\/07\/prim-aux-koala-1mes-1024x576.jpg"},"thumbnail":{"width":150,"height":150,"mime-type":"image\/jpeg","filesize":7249,"url":"https:\/\/escoletakoala.es\/wp-content\/uploads\/2022\/07\/prim-aux-koala-1mes-150x150.jpg"},"medium_large":{"width":768,"height":432,"mime-type":"image\/jpeg","filesize":69805,"url":"https:\/\/escoletakoala.es\/wp-content\/uploads\/2022\/07\/prim-aux-koala-1mes-768x432.jpg"},"1536x1536":{"width":1536,"height":864,"mime-type":"image\/jpeg","filesize":235367,"url":"https:\/\/escoletakoala.es\/wp-content\/uploads\/2022\/07\/prim-aux-koala-1mes-1536x864.jpg"},"2048x2048":{"width":2048,"height":1152,"mime-type":"image\/jpeg","filesize":385097,"url":"https:\/\/escoletakoala.es\/wp-content\/uploads\/2022\/07\/prim-aux-koala-1mes-2048x1152.jpg"},"kiddie-square-thumb":{"width":300,"height":300,"mime-type":"image\/jpeg","filesize":23083,"url":"https:\/\/escoletakoala.es\/wp-content\/uploads\/2022\/07\/prim-aux-koala-1mes-300x300.jpg"},"kiddie-blog-full":{"width":1000,"height":560,"mime-type":"image\/jpeg","filesize":111106,"url":"https:\/\/escoletakoala.es\/wp-content\/uploads\/2022\/07\/prim-aux-koala-1mes-1000x560.jpg"},"kiddie-4-3":{"width":600,"height":450,"mime-type":"image\/jpeg","filesize":61672,"url":"https:\/\/escoletakoala.es\/wp-content\/uploads\/2022\/07\/prim-aux-koala-1mes-600x450.jpg"},"woocommerce_thumbnail":{"width":300,"height":300,"mime-type":"image\/jpeg","filesize":23083,"uncropped":false,"url":"https:\/\/escoletakoala.es\/wp-content\/uploads\/2022\/07\/prim-aux-koala-1mes-300x300.jpg"},"shop_catalog":{"width":300,"height":300,"mime-type":"image\/jpeg","filesize":23083,"url":"https:\/\/escoletakoala.es\/wp-content\/uploads\/2022\/07\/prim-aux-koala-1mes-300x300.jpg"},"woocommerce_gallery_thumbnail":{"width":100,"height":100,"mime-type":"image\/jpeg","filesize":3570,"url":"https:\/\/escoletakoala.es\/wp-content\/uploads\/2022\/07\/prim-aux-koala-1mes-scaled-100x100.jpg"},"shop_thumbnail":{"width":100,"height":100,"mime-type":"image\/jpeg","filesize":3570,"url":"https:\/\/escoletakoala.es\/wp-content\/uploads\/2022\/07\/prim-aux-koala-1mes-scaled-100x100.jpg"}},"original_image":"prim-aux-koala-1mes.jpg"},"all_day":false,"start_date":"2023-07-06 18:30:00","start_date_details":{"year":"2023","month":"07","day":"06","hour":"18","minutes":"30","seconds":"00"},"end_date":"2023-07-06 20:00:00","end_date_details":{"year":"2023","month":"07","day":"06","hour":"20","minutes":"00","seconds":"00"},"utc_start_date":"2023-07-06 18:30:00","utc_start_date_details":{"year":"2023","month":"07","day":"06","hour":"18","minutes":"30","seconds":"00"},"utc_end_date":"2023-07-06 20:00:00","utc_end_date_details":{"year":"2023","month":"07","day":"06","hour":"20","minutes":"00","seconds":"00"},"timezone":"UTC+0","timezone_abbr":"UTC+0","cost":"","cost_details":{"currency_symbol":"","currency_code":"","currency_position":"","values":[]},"website":"https:\/\/escoletakoala.es\/ca\/maternidad\/primers-auxilis-pediatrics-6-juliol\/","show_map":true,"show_map_link":true,"hide_from_listings":false,"sticky":false,"featured":false,"categories":[{"name":"Desenvolupament 0-3 anys","slug":"desenvolupament-0-3-anys","term_group":0,"term_taxonomy_id":843,"taxonomy":"tribe_events_cat","description":"","parent":0,"count":13,"filter":"raw","id":843,"urls":{"self":"https:\/\/escoletakoala.es\/ca\/wp-json\/tribe\/events\/v1\/categories\/843","collection":"https:\/\/escoletakoala.es\/ca\/wp-json\/tribe\/events\/v1\/categories"}},{"name":"Post-Part i Crian\u00e7a","slug":"post-part-i-crianca","term_group":0,"term_taxonomy_id":844,"taxonomy":"tribe_events_cat","description":"","parent":0,"count":21,"filter":"raw","id":844,"urls":{"self":"https:\/\/escoletakoala.es\/ca\/wp-json\/tribe\/events\/v1\/categories\/844","collection":"https:\/\/escoletakoala.es\/ca\/wp-json\/tribe\/events\/v1\/categories"}},{"name":"Primers Auxilis","slug":"primers-auxilis","term_group":0,"term_taxonomy_id":894,"taxonomy":"tribe_events_cat","description":"","parent":0,"count":3,"filter":"raw","id":894,"urls":{"self":"https:\/\/escoletakoala.es\/ca\/wp-json\/tribe\/events\/v1\/categories\/894","collection":"https:\/\/escoletakoala.es\/ca\/wp-json\/tribe\/events\/v1\/categories"}}],"tags":[{"name":"Esdeveniments","slug":"esdeveniments","term_group":0,"term_taxonomy_id":893,"taxonomy":"post_tag","description":"","parent":0,"count":3,"filter":"raw","id":893,"urls":{"self":"https:\/\/escoletakoala.es\/ca\/wp-json\/tribe\/events\/v1\/tags\/893","collection":"https:\/\/escoletakoala.es\/ca\/wp-json\/tribe\/events\/v1\/tags"}}],"venue":{"id":9602,"author":"1","status":"publish","date":"2023-09-30 08:04:44","date_utc":"2023-09-30 08:04:44","modified":"2023-09-30 08:04:44","modified_utc":"2023-09-30 08:04:44","url":"https:\/\/escoletakoala.es\/ca\/recinte\/escoleta-koala\/","venue":"Escoleta Koala Pol. S\u00f3n Castell\u00f3","slug":"escoleta-koala","address":"Escoleta Koala carrer Setze Juliol 87","city":"Pol\u00edgon Son Castell\u00f3","country":"Espa\u00f1a","province":"Palma de Mallorca","zip":"07009","phone":"608536730","website":"https:\/\/escoletakoala.es","stateprovince":"Palma de Mallorca","json_ld":{"@type":"Place","name":"Escoleta Koala Pol. S\u00f3n Castell\u00f3","description":"","url":"","address":{"@type":"PostalAddress","streetAddress":"Escoleta Koala carrer Setze Juliol 87","addressLocality":"Pol\u00edgon Son Castell\u00f3","addressRegion":"Palma de Mallorca","postalCode":"07009","addressCountry":"Espa\u00f1a"},"telephone":"608536730","sameAs":"https:\/\/escoletakoala.es"},"show_map":true,"show_map_link":true,"global_id":"escoletakoala.es\/ca\/?id=9602","global_id_lineage":["escoletakoala.es\/ca\/?id=9602"]},"organizer":[{"id":9610,"author":"1","status":"publish","date":"2023-09-30 08:04:49","date_utc":"2023-09-30 08:04:49","modified":"2023-09-30 08:04:49","modified_utc":"2023-09-30 08:04:49","url":"https:\/\/escoletakoala.es\/ca\/organitzador\/1-mes\/","organizer":"1 m\u00e9s","slug":"1-mes","website":"centre1mes.es","email":"contacto@escoletakoala.es","json_ld":{"@type":"Person","name":"1 m\u00e9s","description":"","url":"http:\/\/centre1mes.es","telephone":"","email":"&#99;ontacto&#64;&#101;&#115;c&#111;letak&#111;a&#108;a.&#101;&#115;","sameAs":"http:\/\/centre1mes.es"},"global_id":"escoletakoala.es\/ca\/?id=9610","global_id_lineage":["escoletakoala.es\/ca\/?id=9610"]}],"custom_fields":[],"json_ld":{"@context":"http:\/\/schema.org","@type":"Event","name":"Primers auxilis pedi\u00e0trics (6 Juliol)","description":"&lt;p&gt;Impartit per Cristina S\u00e1nchez, llevadora i directora del Centre 1 M\u00e9s. Dirigit a fam\u00edlies amb nadons, ideal per a aquells que estiguin en edat infantil (0-6 anys). Al nostre taller [&hellip;]&lt;\/p&gt;\\n","image":"https:\/\/escoletakoala.es\/wp-content\/uploads\/2022\/07\/prim-aux-koala-1mes-scaled.jpg","url":"https:\/\/escoletakoala.es\/ca\/maternidad\/primers-auxilis-pediatrics-6-juliol\/","eventAttendanceMode":"https:\/\/schema.org\/OfflineEventAttendanceMode","eventStatus":"https:\/\/schema.org\/EventScheduled","startDate":"2023-07-06T18:30:00+00:00","endDate":"2023-07-06T20:00:00+00:00","location":{"@type":"Place","name":"Escoleta Koala Pol. S\u00f3n Castell\u00f3","description":"","url":"","address":{"@type":"PostalAddress","streetAddress":"Escoleta Koala carrer Setze Juliol 87","addressLocality":"Pol\u00edgon Son Castell\u00f3","addressRegion":"Palma de Mallorca","postalCode":"07009","addressCountry":"Espa\u00f1a"},"telephone":"608536730","sameAs":"https:\/\/escoletakoala.es"},"organizer":{"@type":"Person","name":"1 m\u00e9s","description":"","url":"http:\/\/centre1mes.es","telephone":"","email":"&#99;&#111;nt&#97;c&#116;o&#64;e&#115;&#99;o&#108;&#101;t&#97;k&#111;a&#108;&#97;&#46;e&#115;","sameAs":"http:\/\/centre1mes.es"},"performer":"Organization"},"ticketed":false}